{"id":126,"date":"2022-03-01T16:36:38","date_gmt":"2022-03-01T14:36:38","guid":{"rendered":"https:\/\/balkanmodels.si\/?p=126"},"modified":"2024-12-03T09:09:59","modified_gmt":"2024-12-03T07:09:59","slug":"koncno-bom-imela-popravljen-vsak-vzglavnik-tako-da-bosta-oba-popolna","status":"publish","type":"post","link":"https:\/\/balkanmodels.si\/?p=126","title":{"rendered":"Kon\u010dno bom imela popravljen vsak vzglavnik tako, da bosta oba popolna"},"content":{"rendered":"<p>Kon\u010dno mi je uspelo najti dan, da uredim, da bo vsak vzglavnik primerno napolnjen s polnilom. Trenutno ga ima eden preve\u010d in drugi premalo. Sta bila pa oba kupljena v isti trgovini isto\u010dasno in bila sta enaka modela.<\/p>\n<p>\u0160e dobro, da mi je na dana\u0161njo soboto nekaj stvari odpadlo. No v resnici so mi vse stvari odpadle. In ker se mi ni dalo, kaj preve\u010d razmi\u0161ljati o dodatnem na\u010drtu sem se odlo\u010dila, da bom nekaj stvari pripravila, ki \u010dakajo \u017ee kar nekaj \u010dasa na to. Poleg tega, da moram vsaj vzglavnik razparati, razdelili enakomerno polnilo in za\u0161iti nazaj vse skupaj, moram tudi za\u0161iti nekaj novih obla\u010dil, ker sem si kupila kar precej blaga. Zadnje \u010dase mi namre\u010d ne uspeva najbolje iskanje novih obla\u010dil. Ni\u010d mi ni prav ali pa mi ni v\u0161e\u010d in tako je mnogo la\u017eje, da kupim blago in za\u0161ijem tisto kar sem si zamislila kakor pa, da i\u0161\u010dem po trgovinah nekaj, kar morda sploh ne obstaja in izgubljam \u010das. Torej najprej bom poskrbela, da bo vsaka vzglavnik ravno prav\u0161nji, potem bom pa poskrbela, da bom imela vsaj eno novo obleko.<\/p>\n<p><img loading=\"lazy\" decoding=\"async\" width=\"1600\" height=\"1068\" class=\"aligncenter size-full wp-image-127\" src=\"https:\/\/www.balkanmodels.si\/wp-content\/uploads\/2022\/03\/vzglavnik.jpg\" srcset=\"https:\/\/www.balkanmodels.si\/wp-content\/uploads\/2022\/03\/vzglavnik.jpg 1600w, https:\/\/www.balkanmodels.si\/wp-content\/uploads\/2022\/03\/vzglavnik-300x200.jpg 300w, https:\/\/www.balkanmodels.si\/wp-content\/uploads\/2022\/03\/vzglavnik-1024x684.jpg 1024w, https:\/\/www.balkanmodels.si\/wp-content\/uploads\/2022\/03\/vzglavnik-768x513.jpg 768w, https:\/\/www.balkanmodels.si\/wp-content\/uploads\/2022\/03\/vzglavnik-1536x1025.jpg 1536w\" sizes=\"auto, (max-width: 1600px) 100vw, 1600px\" \/><\/p>\n<p>Saj ne da sem si kupila samo cel kup \u010drnega blaga in nekaj belega. Pa tako si vedno \u017eelim barvne obleke, ki jih nikoli ne najdem, potem pa niti blaga barvnega ne znam kupiti. Resno se spra\u0161ujem \u010de si res \u017eelim sploh barvne obleke, ker tole ni videti, da bi si jih \u017eelela. No, vsaj za vzglavnik ne bo problem, ker je bele barve, ker tega si pa res ne predstavljam kako bi bilo, \u010de bi bil pisan. To mi je pa vsekakor bolj v\u0161e\u010d, da je belo oziroma nevtralno.<\/p>\n<p>No vsaj ena stvar bo zagotovo popolna danes. \u010ce se moram \u017ee odlo\u010diti za \u010drno obleko spet, naj bo pa vsaj vzglavnik upravi\u010deno bel, ker je to najbolj\u0161a mo\u017enost zanj.<\/p>\n<p>\u00a0<\/p>\n","protected":false},"excerpt":{"rendered":"<p>Kon\u010dno mi je uspelo najti dan, da uredim, da bo vsak vzglavnik primerno napolnjen s polnilom. Trenutno ga ima eden preve\u010d in drugi premalo. Sta bila pa oba kupljena v isti trgovini isto\u010dasno in bila sta enaka modela. \u0160e dobro, da mi je na dana\u0161njo soboto nekaj stvari odpadlo. No v resnici so mi vse stvari odpadle. In ker se [&hellip;]<\/p>\n","protected":false},"author":1,"featured_media":0,"comment_status":"closed","ping_status":"open","sticky":false,"template":"","format":"standard","meta":{"footnotes":""},"categories":[132],"tags":[133,135,136,134],"class_list":["post-126","post","type-post","status-publish","format-standard","hentry","category-vzglavnik","tag-dober-vzglavnik","tag-polnilo-za-vzglavnik","tag-udoben-vzglavnik","tag-vzglavnik"],"aioseo_notices":[],"_links":{"self":[{"href":"https:\/\/balkanmodels.si\/index.php?rest_route=\/wp\/v2\/posts\/126","targetHints":{"allow":["GET"]}}],"collection":[{"href":"https:\/\/balkanmodels.si\/index.php?rest_route=\/wp\/v2\/posts"}],"about":[{"href":"https:\/\/balkanmodels.si\/index.php?rest_route=\/wp\/v2\/types\/post"}],"author":[{"embeddable":true,"href":"https:\/\/balkanmodels.si\/index.php?rest_route=\/wp\/v2\/users\/1"}],"replies":[{"embeddable":true,"href":"https:\/\/balkanmodels.si\/index.php?rest_route=%2Fwp%2Fv2%2Fcomments&post=126"}],"version-history":[{"count":2,"href":"https:\/\/balkanmodels.si\/index.php?rest_route=\/wp\/v2\/posts\/126\/revisions"}],"predecessor-version":[{"id":255,"href":"https:\/\/balkanmodels.si\/index.php?rest_route=\/wp\/v2\/posts\/126\/revisions\/255"}],"wp:attachment":[{"href":"https:\/\/balkanmodels.si\/index.php?rest_route=%2Fwp%2Fv2%2Fmedia&parent=126"}],"wp:term":[{"taxonomy":"category","embeddable":true,"href":"https:\/\/balkanmodels.si\/index.php?rest_route=%2Fwp%2Fv2%2Fcategories&post=126"},{"taxonomy":"post_tag","embeddable":true,"href":"https:\/\/balkanmodels.si\/index.php?rest_route=%2Fwp%2Fv2%2Ftags&post=126"}],"curies":[{"name":"wp","href":"https:\/\/api.w.org\/{rel}","templated":true}]}}