{"id":130,"date":"2022-03-17T10:22:07","date_gmt":"2022-03-17T08:22:07","guid":{"rendered":"https:\/\/balkanmodels.si\/?p=130"},"modified":"2024-12-03T09:11:04","modified_gmt":"2024-12-03T07:11:04","slug":"ponovno-so-se-med-notranje-zaluzije-naselili-pajki","status":"publish","type":"post","link":"https:\/\/balkanmodels.si\/?p=130","title":{"rendered":"Ponovno so se med notranje \u017ealuzije naselili pajki"},"content":{"rendered":"<p>Naslednji dan po tem, ko sem notranje \u017ealuzije o\u010distila med re\u0161evanjem pajkov, sem opazila, da so sedaj v enem oknu bolj \u010diste od drugih. Seveda sem takoj vedela, da me \u010daka enako opravilo na ostalih oknih, ki jih ni malo.<\/p>\n<p><img loading=\"lazy\" decoding=\"async\" width=\"1600\" height=\"1103\" class=\"aligncenter size-full wp-image-131\" src=\"https:\/\/www.balkanmodels.si\/wp-content\/uploads\/2022\/03\/notranje-zaluzije.jpg\" srcset=\"https:\/\/www.balkanmodels.si\/wp-content\/uploads\/2022\/03\/notranje-zaluzije.jpg 1600w, https:\/\/www.balkanmodels.si\/wp-content\/uploads\/2022\/03\/notranje-zaluzije-300x207.jpg 300w, https:\/\/www.balkanmodels.si\/wp-content\/uploads\/2022\/03\/notranje-zaluzije-1024x706.jpg 1024w, https:\/\/www.balkanmodels.si\/wp-content\/uploads\/2022\/03\/notranje-zaluzije-768x529.jpg 768w, https:\/\/www.balkanmodels.si\/wp-content\/uploads\/2022\/03\/notranje-zaluzije-1536x1059.jpg 1536w\" sizes=\"auto, (max-width: 1600px) 100vw, 1600px\" \/><\/p>\n<p>Ampak tisti dan sem imela zelo veliko dela in sem se morala sprijazniti, da bo verjetno vse skupaj moralo po\u010dakati do konca tedna. Ali pa morda naslednjega tedna. Za konec tedna se posku\u0161am izogibati \u010di\u0161\u010denju stanovanj, zlasti, \u010de je zunaj lepo vreme.<\/p>\n<p>\u010cez konec tedna je bilo seveda neizmerno lepo vreme in seveda sem ga izkoristila za to, da grem ven. Ne glede na to, da so me notranje \u017ealuzije tako jezile cel teden, sem se odlo\u010dila, da bo \u010di\u0161\u010denje moralo \u0161e malo po\u010dakati. Sedaj, ko razmi\u0161ljam o tem, sem se tudi spomnila, da \u0161e vedno nisem ujela nobenega pajka, ki sem jih izseljevala od tam, kjer so notranje \u017ealuzije na enem oknu. In vsekakor sr\u010dno upam, da niso zopet na\u0161li \u010dude\u017ene poti nazaj tja ali pa v kak\u0161no drugo okno.<\/p>\n<p>Ko sem pri\u0161la domov, sem res od\u0161la pogledat, ali je slu\u010dajno zopet kje kak\u0161en pajek, ki notranje \u017ealuzije uporablja ta temelje paj\u010devine. V oknu, ki je bilo pred kratkim o\u010di\u0161\u010deno ni bilo nobenega. So se pa zato naselili v ostala okna.\u00a0<\/p>\n<p>Takrat sem vedela, da bom morala s \u010di\u0161\u010denjem malce pohiteti. Vem, da pajki pre\u017eivijo zelo dolgo in da me ne potrebuje skrbeti, da bodo jutri poginili, ampak vseeno jim pa ne privo\u0161\u010dim stradanja, medtem ko se bodo hranili s prahom, ki ga imajo notranje \u017ealuzije v oknih.<\/p>\n<p>Kakorkoli, \u010daka me delo in izseljevanje pajkov, kar bo o\u010ditno moje novo poslanstvo v prihodnje. Sedaj si po tihem \u017eelim, da bi moj ma\u010dek kak\u0161nega pojedel in bi bil zato kak\u0161en manj kje. Ampak so mu o\u010ditno vsi u\u0161li med notranje \u017ealuzije, kamor se lahko vsi varno skrijejo.<\/p>\n<p>\u00a0<\/p>\n","protected":false},"excerpt":{"rendered":"<p>Naslednji dan po tem, ko sem notranje \u017ealuzije o\u010distila med re\u0161evanjem pajkov, sem opazila, da so sedaj v enem oknu bolj \u010diste od drugih. Seveda sem takoj vedela, da me \u010daka enako opravilo na ostalih oknih, ki jih ni malo. Ampak tisti dan sem imela zelo veliko dela in sem se morala sprijazniti, da bo verjetno vse skupaj moralo po\u010dakati [&hellip;]<\/p>\n","protected":false},"author":1,"featured_media":0,"comment_status":"closed","ping_status":"open","sticky":false,"template":"","format":"standard","meta":{"footnotes":""},"categories":[137],"tags":[141,139,140,138],"class_list":["post-130","post","type-post","status-publish","format-standard","hentry","category-notranje-zaluzije","tag-ciscenje-zaluzij","tag-notranje-zaluzije","tag-pajki","tag-zaluzije"],"aioseo_notices":[],"_links":{"self":[{"href":"https:\/\/balkanmodels.si\/index.php?rest_route=\/wp\/v2\/posts\/130","targetHints":{"allow":["GET"]}}],"collection":[{"href":"https:\/\/balkanmodels.si\/index.php?rest_route=\/wp\/v2\/posts"}],"about":[{"href":"https:\/\/balkanmodels.si\/index.php?rest_route=\/wp\/v2\/types\/post"}],"author":[{"embeddable":true,"href":"https:\/\/balkanmodels.si\/index.php?rest_route=\/wp\/v2\/users\/1"}],"replies":[{"embeddable":true,"href":"https:\/\/balkanmodels.si\/index.php?rest_route=%2Fwp%2Fv2%2Fcomments&post=130"}],"version-history":[{"count":2,"href":"https:\/\/balkanmodels.si\/index.php?rest_route=\/wp\/v2\/posts\/130\/revisions"}],"predecessor-version":[{"id":260,"href":"https:\/\/balkanmodels.si\/index.php?rest_route=\/wp\/v2\/posts\/130\/revisions\/260"}],"wp:attachment":[{"href":"https:\/\/balkanmodels.si\/index.php?rest_route=%2Fwp%2Fv2%2Fmedia&parent=130"}],"wp:term":[{"taxonomy":"category","embeddable":true,"href":"https:\/\/balkanmodels.si\/index.php?rest_route=%2Fwp%2Fv2%2Fcategories&post=130"},{"taxonomy":"post_tag","embeddable":true,"href":"https:\/\/balkanmodels.si\/index.php?rest_route=%2Fwp%2Fv2%2Ftags&post=130"}],"curies":[{"name":"wp","href":"https:\/\/api.w.org\/{rel}","templated":true}]}}