{"id":142,"date":"2022-06-03T19:06:19","date_gmt":"2022-06-03T17:06:19","guid":{"rendered":"https:\/\/balkanmodels.si\/?p=142"},"modified":"2022-06-03T19:06:19","modified_gmt":"2022-06-03T17:06:19","slug":"veliko-je-kosov-oblacil-ki-jih-lahko-recemo-da-jih-narekuje-moda-in-ne-le-uporabnost","status":"publish","type":"post","link":"https:\/\/balkanmodels.si\/?p=142","title":{"rendered":"Veliko je kosov obla\u010dil, ki jih lahko re\u010demo, da jih narekuje moda in ne le uporabnost"},"content":{"rendered":"<p align=\"justify\">Bila sem v znani trgovini, kjer je \u0161portna moda najbolj priljubljena. Imajo res odli\u010dne kose obla\u010dil. Tako za fitnes kakor za kolo in druge priljubljene \u0161porte. Sama potrebujem obla\u010dila za plezanje in kolo ter za fitnes. Fitnes vaje sicer delam doma in v naravi. Tako, da ne potrebujem klasi\u010dne fitnes opreme, ampak opremo za ven. Tukaj je tudi zelo pomembno, kak\u0161na je <a href=\"https:\/\/ishopic.com\/moda\">moda<\/a> za tak\u0161ne prilo\u017enosti.<\/p>\n<p align=\"justify\">V teh trgovini vsekakor vedno najdem, karkoli rabim. Danes i\u0161\u010dem obla\u010dila za zunanji fitnes. Do sedaj sem delala vaje doma, ki jih bom \u0161e vedno delala. Ampak bom za\u010dela tudi z vajami zunaj. Ne vem \u0161e, kako mi bo \u0161lo, ker ne vem \u010de imam \u017ee dovolj mo\u010di za to. Vseeno bi pa rad imela primerna obla\u010dila in obutev, da se kje ne po\u0161kodujem in da bo tudi nekaj iz kolekcije, kjer je \u0161portna moda, da ne bom ravno v enostavnih obla\u010dilih. Enostavno se ne po\u010dutim ve\u010d dobro, \u010de nisem ve\u010d dobro oble\u010dena. V\u010dasih sem imela te\u017eavo, da se lepo oble\u010dem, ker nisem \u017eelela biti v sredi\u0161\u010du pozornosti, danes, pa ne \u017eelim biti siva mi\u0161. \u010cudno kako se stvari kar naenkrat premaknejo v drugo smer, ko se \u010dlovek bolje po\u010duti in je v okolju, ki ga podpira in ne vle\u010de dol. V\u010dasih sem mislila, daje z menoj vse narobe, pa sedaj vidim, da je bilo ravno obratno.<\/p>\n<p align=\"justify\">No ne vem to\u010dno, zakaj sem pustila, da je pri\u0161lo do tega, da sem to dopu\u0161\u010dala. Verjetno ima to veze s tem, koliko sem verjela vase. Mislim, da sem zelo verjela vase, ampak sedaj \u0161e mnogo bolje verjamem vase. S tem se pa tudi odra\u017ea to, da se danes upam spet obla\u010diti, tako kot sem se v\u010dasih obla\u010dila. Tako, da je moda danes zopet nekaj, kar imam zelo rada. In to na vseh podro\u010djih ne samo na tistih, ki jih ve\u010dina pozna. \u0160e za doma se mi zdi, da je moja moda nekaj, kjer je vse v nekem smiselnem stilu.<\/p>\n<p align=\"justify\"><img loading=\"lazy\" decoding=\"async\" width=\"1600\" height=\"1066\" class=\"size-full wp-image-141 aligncenter\" src=\"https:\/\/www.balkanmodels.si\/wp-content\/uploads\/2022\/06\/veliko-je-kosov-oblacil-ki-jih-lahko-recemo-da-jih-narekuje-moda-in-ne-le-uporabnost.jpg\" alt=\"Veliko je kosov obla\u010dil, ki jih lahko re\u010demo, da jih narekuje moda in ne le uporabnost\" srcset=\"https:\/\/www.balkanmodels.si\/wp-content\/uploads\/2022\/06\/veliko-je-kosov-oblacil-ki-jih-lahko-recemo-da-jih-narekuje-moda-in-ne-le-uporabnost.jpg 1600w, https:\/\/www.balkanmodels.si\/wp-content\/uploads\/2022\/06\/veliko-je-kosov-oblacil-ki-jih-lahko-recemo-da-jih-narekuje-moda-in-ne-le-uporabnost-300x200.jpg 300w, https:\/\/www.balkanmodels.si\/wp-content\/uploads\/2022\/06\/veliko-je-kosov-oblacil-ki-jih-lahko-recemo-da-jih-narekuje-moda-in-ne-le-uporabnost-1024x682.jpg 1024w, https:\/\/www.balkanmodels.si\/wp-content\/uploads\/2022\/06\/veliko-je-kosov-oblacil-ki-jih-lahko-recemo-da-jih-narekuje-moda-in-ne-le-uporabnost-768x512.jpg 768w, https:\/\/www.balkanmodels.si\/wp-content\/uploads\/2022\/06\/veliko-je-kosov-oblacil-ki-jih-lahko-recemo-da-jih-narekuje-moda-in-ne-le-uporabnost-1536x1023.jpg 1536w\" sizes=\"auto, (max-width: 1600px) 100vw, 1600px\" \/><\/p>\n","protected":false},"excerpt":{"rendered":"<p>Bila sem v znani trgovini, kjer je \u0161portna moda najbolj priljubljena. Imajo res odli\u010dne kose obla\u010dil. Tako za fitnes kakor za kolo in druge priljubljene \u0161porte. Sama potrebujem obla\u010dila za plezanje in kolo ter za fitnes. Fitnes vaje sicer delam doma in v naravi. Tako, da ne potrebujem klasi\u010dne fitnes opreme, ampak opremo za ven. Tukaj je tudi zelo pomembno, [&hellip;]<\/p>\n","protected":false},"author":1,"featured_media":0,"comment_status":"closed","ping_status":"open","sticky":false,"template":"","format":"standard","meta":{"footnotes":""},"categories":[152],"tags":[154,155,156,153],"class_list":["post-142","post","type-post","status-publish","format-standard","hentry","category-moda","tag-moda","tag-modna-oblacila","tag-modno-oblacenje","tag-sportna-moda"],"aioseo_notices":[],"_links":{"self":[{"href":"https:\/\/balkanmodels.si\/index.php?rest_route=\/wp\/v2\/posts\/142","targetHints":{"allow":["GET"]}}],"collection":[{"href":"https:\/\/balkanmodels.si\/index.php?rest_route=\/wp\/v2\/posts"}],"about":[{"href":"https:\/\/balkanmodels.si\/index.php?rest_route=\/wp\/v2\/types\/post"}],"author":[{"embeddable":true,"href":"https:\/\/balkanmodels.si\/index.php?rest_route=\/wp\/v2\/users\/1"}],"replies":[{"embeddable":true,"href":"https:\/\/balkanmodels.si\/index.php?rest_route=%2Fwp%2Fv2%2Fcomments&post=142"}],"version-history":[{"count":0,"href":"https:\/\/balkanmodels.si\/index.php?rest_route=\/wp\/v2\/posts\/142\/revisions"}],"wp:attachment":[{"href":"https:\/\/balkanmodels.si\/index.php?rest_route=%2Fwp%2Fv2%2Fmedia&parent=142"}],"wp:term":[{"taxonomy":"category","embeddable":true,"href":"https:\/\/balkanmodels.si\/index.php?rest_route=%2Fwp%2Fv2%2Fcategories&post=142"},{"taxonomy":"post_tag","embeddable":true,"href":"https:\/\/balkanmodels.si\/index.php?rest_route=%2Fwp%2Fv2%2Ftags&post=142"}],"curies":[{"name":"wp","href":"https:\/\/api.w.org\/{rel}","templated":true}]}}