{"id":144,"date":"2022-06-15T19:56:08","date_gmt":"2022-06-15T17:56:08","guid":{"rendered":"https:\/\/balkanmodels.si\/?p=144"},"modified":"2022-06-15T19:56:08","modified_gmt":"2022-06-15T17:56:08","slug":"zelja-po-tem-da-bi-imele-svetilke-na-vrtu-je-zelo-velika","status":"publish","type":"post","link":"https:\/\/balkanmodels.si\/?p=144","title":{"rendered":"\u017delja po tem, da bi imele svetilke na vrtu, je zelo velika"},"content":{"rendered":"<p align=\"justify\">Vse, kar lo\u010di moj vrt od popolnega vrta, so svetilke na vrtu. Ampak to tak\u0161ne svetilke, ki so na son\u010dne celice. Idejo sem dobila v eni reviji in sedaj se z mo\u017eem pogajava ali bova naredila kompletno menjavo za elektriko ali pa bova samo svetilke na vrtu napeljala na son\u010dno celico. Glede na to, koliko elektrike potrebujejo pono\u010di, bo verjetno ena celica popolnoma dovolj. \u010ce bova pa naredila tako za celotno elektriko v gospodinjstvu, bova pa morala kar precej ve\u010d celic kupiti, da bova imela dovolj elektrike.<\/p>\n<p align=\"justify\">Res bi bilo dobro, da bi imela kmalu <a href=\"https:\/\/www.ledlenser.si\/katalog\/2\/svetilke\">svetilke na vrtu<\/a>. Prav vidim tisto romanti\u010dno vzdu\u0161je zunaj \u017ee zdaj, \u010deprav \u0161e ni tam in niti \u0161e ni dogovorjeno, da bo tam. Ampak jaz sem se z volejem \u017ee dogovorila, da tako bo. Samo \u0161e do mo\u017ea mora priti ta podatek, kar bo znalo malce trajati, potem bo pa tudi to dogovorjeno in bom lahko \u0161la v realiziranje tega, \u010desar si \u017eelim.<\/p>\n<p align=\"justify\"><img loading=\"lazy\" decoding=\"async\" width=\"1600\" height=\"1066\" class=\"size-full wp-image-143 aligncenter\" src=\"https:\/\/www.balkanmodels.si\/wp-content\/uploads\/2022\/06\/zelja-po-tem-da-bi-imele-svetilke-na-vrtu-je-zelo-velika.jpg\" alt=\"\u017delja po tem, da bi imele svetilke na vrtu, je zelo velika\" srcset=\"https:\/\/www.balkanmodels.si\/wp-content\/uploads\/2022\/06\/zelja-po-tem-da-bi-imele-svetilke-na-vrtu-je-zelo-velika.jpg 1600w, https:\/\/www.balkanmodels.si\/wp-content\/uploads\/2022\/06\/zelja-po-tem-da-bi-imele-svetilke-na-vrtu-je-zelo-velika-300x200.jpg 300w, https:\/\/www.balkanmodels.si\/wp-content\/uploads\/2022\/06\/zelja-po-tem-da-bi-imele-svetilke-na-vrtu-je-zelo-velika-1024x682.jpg 1024w, https:\/\/www.balkanmodels.si\/wp-content\/uploads\/2022\/06\/zelja-po-tem-da-bi-imele-svetilke-na-vrtu-je-zelo-velika-768x512.jpg 768w, https:\/\/www.balkanmodels.si\/wp-content\/uploads\/2022\/06\/zelja-po-tem-da-bi-imele-svetilke-na-vrtu-je-zelo-velika-1536x1023.jpg 1536w\" sizes=\"auto, (max-width: 1600px) 100vw, 1600px\" \/><\/p>\n<p align=\"justify\">Vem, da mo\u0161ki na glas pogosto niso tak\u0161ni, da bi imeli radi romanti\u010dno vzdu\u0161je, ker to ni zanje. Ampak, do sedaj se je \u0161e vsak omeh\u010dal, ko je videl, kako je lepo in prijetno ob ve\u010derih na tak\u0161nem vrtu, kjer svetilke krasijo ve\u010der. Ko je enkrat to narejeno, je vse dobro, dokler pa ni, je pa obi\u010dajno cela drama. Moj o\u010de je bil isti pri tak\u0161nih stvareh, pa ga je mama vedno omeh\u010dala. Sicer ona nikoli ni \u010dakala na njegovo dovoljenje, ampak je to samo naredila. Tudi jaz bi naredila tako, ampak vseeno morava za son\u010dne celice oba podpisati pogodbo. Malce smole imam glede tega, ampak bom potrpe\u017eljiva in bom verjela, da se bo vse uredilo, kot se mora. Oziroma kot si \u017eelim in bodo svetilke kmalu krasile obrobje bazena in poti na vrtu, da bo lahko najin vrt pravi pravlji\u010dni raj.<\/p>\n","protected":false},"excerpt":{"rendered":"<p>Vse, kar lo\u010di moj vrt od popolnega vrta, so svetilke na vrtu. Ampak to tak\u0161ne svetilke, ki so na son\u010dne celice. Idejo sem dobila v eni reviji in sedaj se z mo\u017eem pogajava ali bova naredila kompletno menjavo za elektriko ali pa bova samo svetilke na vrtu napeljala na son\u010dno celico. Glede na to, koliko elektrike potrebujejo pono\u010di, bo verjetno [&hellip;]<\/p>\n","protected":false},"author":1,"featured_media":0,"comment_status":"closed","ping_status":"open","sticky":false,"template":"","format":"standard","meta":{"footnotes":""},"categories":[157],"tags":[158,159,160,161],"class_list":["post-144","post","type-post","status-publish","format-standard","hentry","category-svetilke","tag-izbira-svetilk","tag-svetilke","tag-svetilke-na-vrtu","tag-urejanje-vrta"],"aioseo_notices":[],"_links":{"self":[{"href":"https:\/\/balkanmodels.si\/index.php?rest_route=\/wp\/v2\/posts\/144","targetHints":{"allow":["GET"]}}],"collection":[{"href":"https:\/\/balkanmodels.si\/index.php?rest_route=\/wp\/v2\/posts"}],"about":[{"href":"https:\/\/balkanmodels.si\/index.php?rest_route=\/wp\/v2\/types\/post"}],"author":[{"embeddable":true,"href":"https:\/\/balkanmodels.si\/index.php?rest_route=\/wp\/v2\/users\/1"}],"replies":[{"embeddable":true,"href":"https:\/\/balkanmodels.si\/index.php?rest_route=%2Fwp%2Fv2%2Fcomments&post=144"}],"version-history":[{"count":0,"href":"https:\/\/balkanmodels.si\/index.php?rest_route=\/wp\/v2\/posts\/144\/revisions"}],"wp:attachment":[{"href":"https:\/\/balkanmodels.si\/index.php?rest_route=%2Fwp%2Fv2%2Fmedia&parent=144"}],"wp:term":[{"taxonomy":"category","embeddable":true,"href":"https:\/\/balkanmodels.si\/index.php?rest_route=%2Fwp%2Fv2%2Fcategories&post=144"},{"taxonomy":"post_tag","embeddable":true,"href":"https:\/\/balkanmodels.si\/index.php?rest_route=%2Fwp%2Fv2%2Ftags&post=144"}],"curies":[{"name":"wp","href":"https:\/\/api.w.org\/{rel}","templated":true}]}}