{"id":169,"date":"2023-01-08T02:20:17","date_gmt":"2023-01-08T00:20:17","guid":{"rendered":"https:\/\/balkanmodels.si\/?p=169"},"modified":"2023-01-08T02:20:17","modified_gmt":"2023-01-08T00:20:17","slug":"cisto-polne-izola-restavracije-na-veseli-december","status":"publish","type":"post","link":"https:\/\/balkanmodels.si\/?p=169","title":{"rendered":"\u010cisto polne Izola restavracije na veseli december"},"content":{"rendered":"<p align=\"justify\">Kon\u010dno so Izola restavracije, odprte in polne tudi pozimi. Zlasti zdaj je to lepo videti, saj ima veseli december po dveh letih kon\u010dno pravo vzdu\u0161je. Ne le v Izoli, ampak povsod. Sem pa zelo vesela, da obisk obale pozimi ni tako dolgo\u010dasen, kot je bil zadnja leta. Res je bilo \u017ealostno videti, ko je bilo povsod tak\u0161no zati\u0161je. Sedaj so pa Izola restavracije kon\u010dno tiste prave. Se mi pa zdi, da je povsod nenormalna gne\u010da, in \u010de ne naredi\u0161 rezervacije prej, se hitro zgodi, da ni nikjer nobene mize proste.\u00a0<\/p>\n<p align=\"justify\"><img loading=\"lazy\" decoding=\"async\" width=\"1600\" height=\"1067\" class=\"size-full wp-image-168 aligncenter\" src=\"https:\/\/www.balkanmodels.si\/wp-content\/uploads\/2023\/01\/cisto-polne-izola-restavracije-na-veseli-december.jpg\" alt=\"\u010cisto polne Izola restavracije na veseli december\" srcset=\"https:\/\/www.balkanmodels.si\/wp-content\/uploads\/2023\/01\/cisto-polne-izola-restavracije-na-veseli-december.jpg 1600w, https:\/\/www.balkanmodels.si\/wp-content\/uploads\/2023\/01\/cisto-polne-izola-restavracije-na-veseli-december-300x200.jpg 300w, https:\/\/www.balkanmodels.si\/wp-content\/uploads\/2023\/01\/cisto-polne-izola-restavracije-na-veseli-december-1024x683.jpg 1024w, https:\/\/www.balkanmodels.si\/wp-content\/uploads\/2023\/01\/cisto-polne-izola-restavracije-na-veseli-december-768x512.jpg 768w, https:\/\/www.balkanmodels.si\/wp-content\/uploads\/2023\/01\/cisto-polne-izola-restavracije-na-veseli-december-1536x1024.jpg 1536w\" sizes=\"auto, (max-width: 1600px) 100vw, 1600px\" \/><\/p>\n<p align=\"justify\">Ni sem nam sicer to \u0161e zgodilo, ampak, ko sem bila zadnji\u010d v eni od restavracije in videla, kako je vse polno, smo se odlo\u010dila, da bom kak\u0161en za zve\u010der naredila vedno restavracijo, ko se bom s km zmenila, da ne bomo ostali brez mize. \u017de tako se te\u017eko naberemo vsi, \u010de bi pa potem \u0161e ostali brez ve\u010derje, ker se mi ne bi dalo kak\u0161en dan prej poklicati, bi bilo pa res \u0161koda. Ampak na sre\u010do so Izola restavracije vsak toliko prilagodljive, da se lahko tudi ve\u010d dni vnaprej zmeni\u0161 in ima\u0161 potem zagotovo mizo.\u00a0<\/p>\n<p>Danes smo bili v eni, ki ima raznoliko hrano in bilo je res super. Pri\u0161li smo za cel konec tedna in smo najeli apartma. Ne morem tudi verjeti, da so tudi apartmaji vsi zasedeni bolj ali manj. Letos je res noro in prav res se pozna, da so vsi bili naveli\u010dani vseh ukrepov zadnja leta. \u0160e preden se je to za\u010delo, je bilo manj polno povsod, letos pa vse poka po \u0161ivih, tam, kjer je mo\u017eno. Se dobro, da se ni vse tudi letos zaprlo, ker potem res ne vem, kako bi <a href=\"https:\/\/hotelmarina.si\/sl\/restavracija\/\">Izola restavracije<\/a> pre\u017eivele. \u017de tako so vsi delali na zadnje finan\u010dne hlape. Ampak sedaj deluje, kot da se bo po\u010dasi vse pobralo. Vsaj za Izola restavracije ka\u017ee, da bo tako.<\/p>\n","protected":false},"excerpt":{"rendered":"<p>Kon\u010dno so Izola restavracije, odprte in polne tudi pozimi. Zlasti zdaj je to lepo videti, saj ima veseli december po dveh letih kon\u010dno pravo vzdu\u0161je. Ne le v Izoli, ampak povsod. Sem pa zelo vesela, da obisk obale pozimi ni tako dolgo\u010dasen, kot je bil zadnja leta. Res je bilo \u017ealostno videti, ko je bilo povsod tak\u0161no zati\u0161je. Sedaj so [&hellip;]<\/p>\n","protected":false},"author":1,"featured_media":0,"comment_status":"closed","ping_status":"open","sticky":false,"template":"","format":"standard","meta":{"footnotes":""},"categories":[206],"tags":[207,208,209,210],"class_list":["post-169","post","type-post","status-publish","format-standard","hentry","category-izola-restavracije","tag-izola","tag-izola-restavracija","tag-restavracija","tag-veseli-december"],"aioseo_notices":[],"_links":{"self":[{"href":"https:\/\/balkanmodels.si\/index.php?rest_route=\/wp\/v2\/posts\/169","targetHints":{"allow":["GET"]}}],"collection":[{"href":"https:\/\/balkanmodels.si\/index.php?rest_route=\/wp\/v2\/posts"}],"about":[{"href":"https:\/\/balkanmodels.si\/index.php?rest_route=\/wp\/v2\/types\/post"}],"author":[{"embeddable":true,"href":"https:\/\/balkanmodels.si\/index.php?rest_route=\/wp\/v2\/users\/1"}],"replies":[{"embeddable":true,"href":"https:\/\/balkanmodels.si\/index.php?rest_route=%2Fwp%2Fv2%2Fcomments&post=169"}],"version-history":[{"count":0,"href":"https:\/\/balkanmodels.si\/index.php?rest_route=\/wp\/v2\/posts\/169\/revisions"}],"wp:attachment":[{"href":"https:\/\/balkanmodels.si\/index.php?rest_route=%2Fwp%2Fv2%2Fmedia&parent=169"}],"wp:term":[{"taxonomy":"category","embeddable":true,"href":"https:\/\/balkanmodels.si\/index.php?rest_route=%2Fwp%2Fv2%2Fcategories&post=169"},{"taxonomy":"post_tag","embeddable":true,"href":"https:\/\/balkanmodels.si\/index.php?rest_route=%2Fwp%2Fv2%2Ftags&post=169"}],"curies":[{"name":"wp","href":"https:\/\/api.w.org\/{rel}","templated":true}]}}