{"id":178,"date":"2023-04-11T20:28:18","date_gmt":"2023-04-11T18:28:18","guid":{"rendered":"https:\/\/balkanmodels.si\/?p=178"},"modified":"2026-04-29T02:29:36","modified_gmt":"2026-04-29T00:29:36","slug":"ideja-da-se-drug-apartma-na-obali-letos-najame","status":"publish","type":"post","link":"https:\/\/balkanmodels.si\/?p=178","title":{"rendered":"Ideja, da se drug apartma na obali letos najame"},"content":{"rendered":"<p align=\"justify\">Februar se niti \u0161e ni, zaklju\u010di in \u0161e gledam, kak\u0161ne cene ima apartma na Obali letos, ker bom ponovno najela istega za celo poletje, kot lani. Oziroma ne bom ga najela sama, ve\u010d nas bo, ki bomo apartma na Obali najeli in potem se bomo dogovorili, kdaj bo kdo v njem. Vseeno je to mnogo bolj\u0161a re\u0161itev, kot pa da vsak zase najema apartma. \u010ce najamemo za dlje \u010dasa apartma na Obali, dobimo mnogo bolj ugoden najem, ker lastnik skoraj nima dela z vzdr\u017eevanjem.<\/p>\n<p>Ko sem si ogledovala cene in primerjala cene ostalih apartmajev, sem pomislila celo, da morda ne bi bilo slabo. \u010ce bi letos najeli kaj drugega. Niti ne zato, da bi prihranili denar, ampak, da bi bili kje drugje. \u010ce najamemo isti apartma na Obali kot lani, to pomeni, da bi bili \u017ee tretje leto zapored tam. Lokacija je vsekakor zelo lepa, ampak prav ni\u010d ne bi bilo narobe, \u010de bi malce spremenili lokacijo in \u0161li kam drugam. Na\u0161la sem namre\u010d en res zelo lep apartma na Obali, ki je malenkost dra\u017eji, ampak se mi zdi, da bi bilo vreden vsakega evra. Takoj sem poslala povezavo vsem, s katerimi se dogovarjamo, da bi apartma skupaj najeli.<\/p>\n<p align=\"justify\"><img loading=\"lazy\" decoding=\"async\" width=\"1600\" height=\"1066\" class=\"size-full wp-image-177 aligncenter\" src=\"https:\/\/www.balkanmodels.si\/wp-content\/uploads\/2023\/04\/ideja-da-se-drug-apartma-na-obali-letos-najame.jpg\" srcset=\"https:\/\/www.balkanmodels.si\/wp-content\/uploads\/2023\/04\/ideja-da-se-drug-apartma-na-obali-letos-najame.jpg 1600w, https:\/\/www.balkanmodels.si\/wp-content\/uploads\/2023\/04\/ideja-da-se-drug-apartma-na-obali-letos-najame-300x200.jpg 300w, https:\/\/www.balkanmodels.si\/wp-content\/uploads\/2023\/04\/ideja-da-se-drug-apartma-na-obali-letos-najame-1024x682.jpg 1024w, https:\/\/www.balkanmodels.si\/wp-content\/uploads\/2023\/04\/ideja-da-se-drug-apartma-na-obali-letos-najame-768x512.jpg 768w, https:\/\/www.balkanmodels.si\/wp-content\/uploads\/2023\/04\/ideja-da-se-drug-apartma-na-obali-letos-najame-1536x1023.jpg 1536w\" sizes=\"auto, (max-width: 1600px) 100vw, 1600px\" \/><\/p>\n<p>Odlo\u010dila sem se, da dokler ne dobim povratne informacije od vseh ali jim je ta apartma tudi v\u0161e\u010d in \u010de so pripravljeni pla\u010dati toliko ve\u010d. Ker sem se jaz ponudil, da naredim celotno organizacijo okoli poletnega dopusta, sem seveda morala na to po\u010dakati. Poslala sem jim tudi povezavo od apartmaja, ki smo ga najemali od sedaj, da so tudi videli, da se je cena malce povi\u0161ala.<\/p>\n<p>Proti ve\u010deru mi je ve\u010dina odgovorila in vsem je bila ideja o drugem apartmaju zelo zanimiva in tako smo se \u017ee za\u010deli pogovarjati o mo\u017enosti, da se drug apartma na Obali letos najame.<\/p>\n","protected":false},"excerpt":{"rendered":"<p>Februar se niti \u0161e ni, zaklju\u010di in \u0161e gledam, kak\u0161ne cene ima apartma na Obali letos, ker bom ponovno najela istega za celo poletje, kot lani. Oziroma ne bom ga najela sama, ve\u010d nas bo, ki bomo apartma na Obali najeli in potem se bomo dogovorili, kdaj bo kdo v njem. Vseeno je to mnogo bolj\u0161a re\u0161itev, kot pa da [&hellip;]<\/p>\n","protected":false},"author":1,"featured_media":0,"comment_status":"closed","ping_status":"open","sticky":false,"template":"","format":"standard","meta":{"footnotes":""},"categories":[224],"tags":[],"class_list":["post-178","post","type-post","status-publish","format-standard","hentry","category-apartma-na-obali"],"aioseo_notices":[],"_links":{"self":[{"href":"https:\/\/balkanmodels.si\/index.php?rest_route=\/wp\/v2\/posts\/178","targetHints":{"allow":["GET"]}}],"collection":[{"href":"https:\/\/balkanmodels.si\/index.php?rest_route=\/wp\/v2\/posts"}],"about":[{"href":"https:\/\/balkanmodels.si\/index.php?rest_route=\/wp\/v2\/types\/post"}],"author":[{"embeddable":true,"href":"https:\/\/balkanmodels.si\/index.php?rest_route=\/wp\/v2\/users\/1"}],"replies":[{"embeddable":true,"href":"https:\/\/balkanmodels.si\/index.php?rest_route=%2Fwp%2Fv2%2Fcomments&post=178"}],"version-history":[{"count":3,"href":"https:\/\/balkanmodels.si\/index.php?rest_route=\/wp\/v2\/posts\/178\/revisions"}],"predecessor-version":[{"id":277,"href":"https:\/\/balkanmodels.si\/index.php?rest_route=\/wp\/v2\/posts\/178\/revisions\/277"}],"wp:attachment":[{"href":"https:\/\/balkanmodels.si\/index.php?rest_route=%2Fwp%2Fv2%2Fmedia&parent=178"}],"wp:term":[{"taxonomy":"category","embeddable":true,"href":"https:\/\/balkanmodels.si\/index.php?rest_route=%2Fwp%2Fv2%2Fcategories&post=178"},{"taxonomy":"post_tag","embeddable":true,"href":"https:\/\/balkanmodels.si\/index.php?rest_route=%2Fwp%2Fv2%2Ftags&post=178"}],"curies":[{"name":"wp","href":"https:\/\/api.w.org\/{rel}","templated":true}]}}