{"id":18,"date":"2020-11-20T15:04:19","date_gmt":"2020-11-20T13:04:19","guid":{"rendered":"http:\/\/balkanmodels.si\/?p=18"},"modified":"2021-01-20T16:03:54","modified_gmt":"2021-01-20T14:03:54","slug":"v-sluzbi-sem-zacel-nositi-pas-za-pravilno-drzo","status":"publish","type":"post","link":"https:\/\/balkanmodels.si\/?p=18","title":{"rendered":"V slu\u017ebi sem za\u010del nositi pas za pravilno dr\u017eo"},"content":{"rendered":"<p style=\"text-align: justify;\"><span style=\"font-weight: 400;\">\u0160e dobro, da smo sodelavci tako odkriti eden do drugega in da si povemo \u010disto vse. En dan mi je sodelavec pri malici rekel, da se vedno bolj sklju\u010deno dr\u017eim. Sam tega nisem opazil, ko pa sem se za\u010del opazovati sem videl, da je to \u010disto res. Nato je sodelavec rekel, da prav pride pas za pravilno dr\u017eo, da ga je imela njegova sestra in si je dr\u017eo popravila. Ker nisem vedel o \u010dem govori, sem si doma pogledal preko spleta in videl, da res obstaja pas za pravilno dr\u017eo, ki ga lahko nosi\u0161 pod obla\u010dili ali pa kar preko obla\u010dil.<\/span><\/p>\n<p><img loading=\"lazy\" decoding=\"async\" class=\"alignnone size-full wp-image-38\" src=\"https:\/\/www.balkanmodels.si\/wp-content\/uploads\/2020\/11\/pas-za-pravilno-drzo-scaled.jpg\" alt=\"\" width=\"1707\" height=\"2560\" srcset=\"https:\/\/www.balkanmodels.si\/wp-content\/uploads\/2020\/11\/pas-za-pravilno-drzo-scaled.jpg 1067w, https:\/\/www.balkanmodels.si\/wp-content\/uploads\/2020\/11\/pas-za-pravilno-drzo-scaled-200x300.jpg 200w, https:\/\/www.balkanmodels.si\/wp-content\/uploads\/2020\/11\/pas-za-pravilno-drzo-scaled-683x1024.jpg 683w, https:\/\/www.balkanmodels.si\/wp-content\/uploads\/2020\/11\/pas-za-pravilno-drzo-scaled-768x1152.jpg 768w, https:\/\/www.balkanmodels.si\/wp-content\/uploads\/2020\/11\/pas-za-pravilno-drzo-scaled-1024x1536.jpg 1024w\" sizes=\"auto, (max-width: 1707px) 100vw, 1707px\" \/><\/p>\n<p style=\"text-align: justify;\"><span style=\"font-weight: 400;\">Ni\u010d nisem okleval, takoj sem naro\u010dil <a href=\"https:\/\/www.opornice.net\/si\/zdravstvene-tezave\/kifoza-slaba-drza\/\" target=\"_blank\" rel=\"noopener noreferrer\">pas za pravilno dr\u017eo<\/a>, kajti dobro sem se zavedal, \u010de ne bom sedaj poskrbel za svojo dr\u017eo, da mi bo kasneje \u017eal, ker se bodo pojavile bole\u010dine. Minilo je dva dni in pas za pravilno dr\u017eo je pri\u0161el po po\u0161ti. Takoj sem si ga oblekel, doma sem ga prvi dan nosil celi dan, drugi dan sem \u0161el v slu\u017ebo brez njega in potem sem ga takoj, ko sem pri\u0161el domov spet oblekel. Nisem hotel iti z pasom \u017ee prvi dan v slu\u017ebo, ker nisem vedel, ali me bo motil pri delu. Doma sem videl, da me pas za pravilno dr\u017eo \u010disto ni\u010d ne moti in da ga brez skrbi lahko nosim v slu\u017ebo.\u00a0<\/span><\/p>\n<p style=\"text-align: justify;\"><span style=\"font-weight: 400;\">Sodelavci so opazili mojo ravno dr\u017eo, mislili so, da sem tako skoncentriran in pozoren na svojo dr\u017eo, potem pa sem jim povedal, da imam oble\u010den pas za pravilno dr\u017eo, ki mi pomagala, da se ravno dr\u017eim. Najbolj sem bil presene\u010den prvi dan, ker sem prav \u010dutil, kako je moja hrbtenica \u017ee navajena te sklju\u010dene dr\u017ee in \u010dutil sem bole\u010dino pri pravilni dr\u017ei, sedaj pa je \u017ee v redu.\u00a0<\/span><\/p>\n<p style=\"text-align: justify;\"><span style=\"font-weight: 400;\">Moja dr\u017ea je spet lepa, predvsem pa ravna, vse zasluge pa dobi pas za pravilno dr\u017eo in seveda sodelavec, ki mi je za pas povedal.<\/span><\/p>\n","protected":false},"excerpt":{"rendered":"<p>\u0160e dobro, da smo sodelavci tako odkriti eden do drugega in da si povemo \u010disto vse. En dan mi je sodelavec pri malici rekel, da se vedno bolj sklju\u010deno dr\u017eim. Sam tega nisem opazil, ko pa sem se za\u010del opazovati sem videl, da je to \u010disto res. Nato je sodelavec rekel, da prav pride pas za pravilno dr\u017eo, da ga [&hellip;]<\/p>\n","protected":false},"author":1,"featured_media":0,"comment_status":"open","ping_status":"open","sticky":false,"template":"","format":"standard","meta":{"footnotes":""},"categories":[17],"tags":[18,20,19,21],"class_list":["post-18","post","type-post","status-publish","format-standard","hentry","category-pas-za-pravilno-drzo","tag-drza","tag-pas-za-drzo","tag-pas-za-pravilno-drzo","tag-pravilna-drza"],"aioseo_notices":[],"_links":{"self":[{"href":"https:\/\/balkanmodels.si\/index.php?rest_route=\/wp\/v2\/posts\/18","targetHints":{"allow":["GET"]}}],"collection":[{"href":"https:\/\/balkanmodels.si\/index.php?rest_route=\/wp\/v2\/posts"}],"about":[{"href":"https:\/\/balkanmodels.si\/index.php?rest_route=\/wp\/v2\/types\/post"}],"author":[{"embeddable":true,"href":"https:\/\/balkanmodels.si\/index.php?rest_route=\/wp\/v2\/users\/1"}],"replies":[{"embeddable":true,"href":"https:\/\/balkanmodels.si\/index.php?rest_route=%2Fwp%2Fv2%2Fcomments&post=18"}],"version-history":[{"count":3,"href":"https:\/\/balkanmodels.si\/index.php?rest_route=\/wp\/v2\/posts\/18\/revisions"}],"predecessor-version":[{"id":40,"href":"https:\/\/balkanmodels.si\/index.php?rest_route=\/wp\/v2\/posts\/18\/revisions\/40"}],"wp:attachment":[{"href":"https:\/\/balkanmodels.si\/index.php?rest_route=%2Fwp%2Fv2%2Fmedia&parent=18"}],"wp:term":[{"taxonomy":"category","embeddable":true,"href":"https:\/\/balkanmodels.si\/index.php?rest_route=%2Fwp%2Fv2%2Fcategories&post=18"},{"taxonomy":"post_tag","embeddable":true,"href":"https:\/\/balkanmodels.si\/index.php?rest_route=%2Fwp%2Fv2%2Ftags&post=18"}],"curies":[{"name":"wp","href":"https:\/\/api.w.org\/{rel}","templated":true}]}}