{"id":215,"date":"2024-03-11T02:46:43","date_gmt":"2024-03-11T00:46:43","guid":{"rendered":"https:\/\/balkanmodels.si\/?p=215"},"modified":"2024-03-11T02:46:43","modified_gmt":"2024-03-11T00:46:43","slug":"neplanirana-nosecnost","status":"publish","type":"post","link":"https:\/\/balkanmodels.si\/?p=215","title":{"rendered":"Neplanirana nose\u010dnost"},"content":{"rendered":"<p align=\"justify\">Bila sem \u0161tudentka in imela fanta. Resni\u010dno sva se imela rada. Potem pa je sledilo presene\u010denje, ki ga nih\u010de od naju ni pri\u010dakoval. Naredila sem test za nose\u010dnost in videla da sem nose\u010da. To je bil zame res \u0161ok, ker sem ravno planirala, da bi \u0161la delat v tujino. Tako sem vedela, da tega sedaj ne bom mogla. Ker \u0161e nisva imela svojega doma, sem tudi vedela, da bom sedaj imela polno drugih skrbi in ne bom ve\u010d premi\u0161ljevala, kje in kaj bom po\u010dela glede faksa.\u00a0<\/p>\n<p align=\"justify\"><img loading=\"lazy\" decoding=\"async\" width=\"1600\" height=\"1067\" class=\"size-full wp-image-214 aligncenter\" src=\"https:\/\/www.balkanmodels.si\/wp-content\/uploads\/2024\/03\/neplanirana-nosecnost.jpg\" alt=\"Neplanirana nose\u010dnost\" srcset=\"https:\/\/www.balkanmodels.si\/wp-content\/uploads\/2024\/03\/neplanirana-nosecnost.jpg 1600w, https:\/\/www.balkanmodels.si\/wp-content\/uploads\/2024\/03\/neplanirana-nosecnost-300x200.jpg 300w, https:\/\/www.balkanmodels.si\/wp-content\/uploads\/2024\/03\/neplanirana-nosecnost-1024x683.jpg 1024w, https:\/\/www.balkanmodels.si\/wp-content\/uploads\/2024\/03\/neplanirana-nosecnost-768x512.jpg 768w, https:\/\/www.balkanmodels.si\/wp-content\/uploads\/2024\/03\/neplanirana-nosecnost-1536x1024.jpg 1536w\" sizes=\"auto, (max-width: 1600px) 100vw, 1600px\" \/><\/p>\n<p align=\"justify\">Morala sem zbrati pogum, da povem tudi njemu, da sem nose\u010da. \u010ceprav sem po eni strani komaj \u010dakala, da mu povem to novico, me je bilo po drugi strani po\u0161teno strah, kajti zavedala sem se, da tudi on tega ni pri\u010dakoval. Povedala sem mu zve\u010der, ko se je vrnil domov. Takoj je opazil, da z menoj nekaj ni v redu in tako sem izkoristila in povedala, da sem nose\u010da.\u00a0<\/p>\n<p align=\"justify\">Tega pogleda ne bom pozabila nikoli. Njegov pogled se je ustavil in kar nekaj \u010dasa je gledal v moj trebuh. Kakor, da se je najprej moral pogovoriti sam s seboj in potem me je objel. Vedno je hotel biti o\u010de, tako da v tem ni bila te\u017eava. Imela sva samo eno te\u017eavo in to je to, da nisva imela svojega doma.\u00a0<\/p>\n<p align=\"justify\">Ko sva povedala novico star\u0161ema, se je vse re\u0161ilo v parih mesecih. \u0160e danes sem hvale\u017ena, kako lepo so odreagirali in nama pomagali. Tega res nisva pri\u010dakovala. Razmi\u0161ljala sva, da bova najela stanovanje, danes pa imama svoj dom. <a href=\"https:\/\/veva.si\">Nose\u010dnost<\/a> je tako potekala v miru in vsi so komaj \u010dakali, da v naro\u010dje vzamejo najine otroka. Danes lahko povem, da je nose\u010dnost res nekaj lepega, \u010de se stvari pravi \u010das uredijo. Pri meni so se in danes imava prekrasnega fanta. Sre\u010da pride nepri\u010dakovano in tako je tudi moja nose\u010dnost pri\u0161la tako.\u00a0\u00a0<\/p>\n","protected":false},"excerpt":{"rendered":"<p>Bila sem \u0161tudentka in imela fanta. Resni\u010dno sva se imela rada. Potem pa je sledilo presene\u010denje, ki ga nih\u010de od naju ni pri\u010dakoval. Naredila sem test za nose\u010dnost in videla da sem nose\u010da. To je bil zame res \u0161ok, ker sem ravno planirala, da bi \u0161la delat v tujino. Tako sem vedela, da tega sedaj ne bom mogla. Ker \u0161e [&hellip;]<\/p>\n","protected":false},"author":1,"featured_media":0,"comment_status":"closed","ping_status":"open","sticky":false,"template":"","format":"standard","meta":{"footnotes":""},"categories":[314],"tags":[315,316,317,318],"class_list":["post-215","post","type-post","status-publish","format-standard","hentry","category-nosecnost","tag-nenacrtovana-nosecnost","tag-nosecnost","tag-otrok","tag-sreca"],"aioseo_notices":[],"_links":{"self":[{"href":"https:\/\/balkanmodels.si\/index.php?rest_route=\/wp\/v2\/posts\/215","targetHints":{"allow":["GET"]}}],"collection":[{"href":"https:\/\/balkanmodels.si\/index.php?rest_route=\/wp\/v2\/posts"}],"about":[{"href":"https:\/\/balkanmodels.si\/index.php?rest_route=\/wp\/v2\/types\/post"}],"author":[{"embeddable":true,"href":"https:\/\/balkanmodels.si\/index.php?rest_route=\/wp\/v2\/users\/1"}],"replies":[{"embeddable":true,"href":"https:\/\/balkanmodels.si\/index.php?rest_route=%2Fwp%2Fv2%2Fcomments&post=215"}],"version-history":[{"count":0,"href":"https:\/\/balkanmodels.si\/index.php?rest_route=\/wp\/v2\/posts\/215\/revisions"}],"wp:attachment":[{"href":"https:\/\/balkanmodels.si\/index.php?rest_route=%2Fwp%2Fv2%2Fmedia&parent=215"}],"wp:term":[{"taxonomy":"category","embeddable":true,"href":"https:\/\/balkanmodels.si\/index.php?rest_route=%2Fwp%2Fv2%2Fcategories&post=215"},{"taxonomy":"post_tag","embeddable":true,"href":"https:\/\/balkanmodels.si\/index.php?rest_route=%2Fwp%2Fv2%2Ftags&post=215"}],"curies":[{"name":"wp","href":"https:\/\/api.w.org\/{rel}","templated":true}]}}