{"id":219,"date":"2024-04-01T09:06:32","date_gmt":"2024-04-01T07:06:32","guid":{"rendered":"https:\/\/balkanmodels.si\/?p=219"},"modified":"2024-04-01T09:06:32","modified_gmt":"2024-04-01T07:06:32","slug":"katera-garazna-vrata-izbrati","status":"publish","type":"post","link":"https:\/\/balkanmodels.si\/?p=219","title":{"rendered":"Katera gara\u017ena vrata izbrati"},"content":{"rendered":"<p align=\"justify\">Poleg hi\u0161e smo kon\u010dno zgradili tudi gara\u017eo, do sedaj sva z mo\u017eem namre\u010d parkirala pred hi\u0161o na prostem. Ker pa je bila lanska zima res huda in sva morala vsak dan odmrzovati \u0161ipe na avtu, je padla odlo\u010ditev, da zgradimo gara\u017eo za dva avta. sedaj nama manjkajo samo \u0161e <a href=\"https:\/\/www.ledus.si\">gara\u017ena vrata<\/a>, vendar se ne moremo odlo\u010diti, katera bi izbrali.<\/p>\n<p align=\"justify\">Trenutno je sicer dosti bolj\u0161e kot je bilo prej, saj sta avtomobila pod streho in na suhem, toda gara\u017ena vrata dodajo gara\u017ei lep izgled, vse skupaj potem zgleda kot zaklju\u010dena celota. Trenutno se odlo\u010dava med dvema modeloma.\u00a0<\/p>\n<p align=\"justify\"><img loading=\"lazy\" decoding=\"async\" width=\"1600\" height=\"1066\" class=\"size-full wp-image-218 aligncenter\" src=\"https:\/\/www.balkanmodels.si\/wp-content\/uploads\/2024\/04\/katera-garazna-vrata-izbrati.jpg\" alt=\"Katera gara\u017ena vrata izbrati\" srcset=\"https:\/\/www.balkanmodels.si\/wp-content\/uploads\/2024\/04\/katera-garazna-vrata-izbrati.jpg 1600w, https:\/\/www.balkanmodels.si\/wp-content\/uploads\/2024\/04\/katera-garazna-vrata-izbrati-300x200.jpg 300w, https:\/\/www.balkanmodels.si\/wp-content\/uploads\/2024\/04\/katera-garazna-vrata-izbrati-1024x682.jpg 1024w, https:\/\/www.balkanmodels.si\/wp-content\/uploads\/2024\/04\/katera-garazna-vrata-izbrati-768x512.jpg 768w, https:\/\/www.balkanmodels.si\/wp-content\/uploads\/2024\/04\/katera-garazna-vrata-izbrati-1536x1023.jpg 1536w\" sizes=\"auto, (max-width: 1600px) 100vw, 1600px\" \/><\/p>\n<p align=\"justify\">V\u0161e\u010d so nama sekcijska gara\u017ena vrata, predvsem zato, ker sva videla, da imajo lahko vgrajen osebni prehod. V\u010dasih je treba iti v gara\u017eo samo kaj iskati in takrat pride osebni prehod prav, da ni potrebno odpirati cela gara\u017ena vrata, \u0161e posebno ker je v gara\u017ei pogosto \u0161e dodaten prostor za shranjevanje stvari, ki jih ne potrebujemo vsak dan. Videla sva tudi, da imajo sekcijska gara\u017ena vrata z ro\u010dno izvedbo ali na motorni pogon. Oba z mo\u017eem sva absolutno za to, da si kupiva gara\u017ena vrata na motorni pogon.<\/p>\n<p align=\"justify\">Na drugi strani pa so nama v\u0161e\u010d tudi rolo gara\u017ena vrata. Te bi izbrala zato, ker zavzamejo manj prostora. Glede na to, da okoli hi\u0161e nimava ravno veliko prostora, bi nama tak\u0161na gara\u017ena vrata pri\u0161la bolj prav, slabost teh pa je, da nimajo osebnega prehoda in jih je potrebno vsakokrat dvigati in spu\u0161\u010dati. Tako, da vsa pred te\u017eko odlo\u010ditvijo za katera gara\u017ena vrata naj se odlo\u010diva.<\/p>\n<p align=\"justify\">Trenutno se vseeno bolj nagibava k rolo vratom, saj nama je prostor okoli hi\u0161e pomemben. Razmi\u0161ljava o tem, da bi jih odpirala zjutraj in zapirala zve\u010der, v tem primeru bi nama najmanj manjkal osebni prehod. Upam, da ne bova ob\u017ealovala najine odlo\u010ditve in komaj \u010dakam, da dobiva nova gara\u017ena vrata, ki bodo zagotovo dale piko na i izgledu na\u0161e hi\u0161e.<\/p>\n","protected":false},"excerpt":{"rendered":"<p>Poleg hi\u0161e smo kon\u010dno zgradili tudi gara\u017eo, do sedaj sva z mo\u017eem namre\u010d parkirala pred hi\u0161o na prostem. Ker pa je bila lanska zima res huda in sva morala vsak dan odmrzovati \u0161ipe na avtu, je padla odlo\u010ditev, da zgradimo gara\u017eo za dva avta. sedaj nama manjkajo samo \u0161e gara\u017ena vrata, vendar se ne moremo odlo\u010diti, katera bi izbrali. Trenutno [&hellip;]<\/p>\n","protected":false},"author":1,"featured_media":0,"comment_status":"closed","ping_status":"open","sticky":false,"template":"","format":"standard","meta":{"footnotes":""},"categories":[323],"tags":[324,325,326,327,328],"class_list":["post-219","post","type-post","status-publish","format-standard","hentry","category-garazna-vrata","tag-garaza","tag-garazna-vrata","tag-izgradnja-garaze","tag-rolo-garazna-vrata","tag-sekcijska-garazna-vrata"],"aioseo_notices":[],"_links":{"self":[{"href":"https:\/\/balkanmodels.si\/index.php?rest_route=\/wp\/v2\/posts\/219","targetHints":{"allow":["GET"]}}],"collection":[{"href":"https:\/\/balkanmodels.si\/index.php?rest_route=\/wp\/v2\/posts"}],"about":[{"href":"https:\/\/balkanmodels.si\/index.php?rest_route=\/wp\/v2\/types\/post"}],"author":[{"embeddable":true,"href":"https:\/\/balkanmodels.si\/index.php?rest_route=\/wp\/v2\/users\/1"}],"replies":[{"embeddable":true,"href":"https:\/\/balkanmodels.si\/index.php?rest_route=%2Fwp%2Fv2%2Fcomments&post=219"}],"version-history":[{"count":0,"href":"https:\/\/balkanmodels.si\/index.php?rest_route=\/wp\/v2\/posts\/219\/revisions"}],"wp:attachment":[{"href":"https:\/\/balkanmodels.si\/index.php?rest_route=%2Fwp%2Fv2%2Fmedia&parent=219"}],"wp:term":[{"taxonomy":"category","embeddable":true,"href":"https:\/\/balkanmodels.si\/index.php?rest_route=%2Fwp%2Fv2%2Fcategories&post=219"},{"taxonomy":"post_tag","embeddable":true,"href":"https:\/\/balkanmodels.si\/index.php?rest_route=%2Fwp%2Fv2%2Ftags&post=219"}],"curies":[{"name":"wp","href":"https:\/\/api.w.org\/{rel}","templated":true}]}}