{"id":235,"date":"2024-08-15T04:21:15","date_gmt":"2024-08-15T02:21:15","guid":{"rendered":"https:\/\/balkanmodels.si\/?p=235"},"modified":"2024-12-03T08:24:58","modified_gmt":"2024-12-03T06:24:58","slug":"tekac-je-odlicen-prt-za-dekoracijo","status":"publish","type":"post","link":"https:\/\/balkanmodels.si\/?p=235","title":{"rendered":"Teka\u010d je odli\u010den prt za dekoracijo"},"content":{"rendered":"<p align=\"justify\">Nekaj \u010dasa nazaj smo gledali svojo jedilno mizo, ki smo jo imeli postavljeno v jedilnici, kjer pa smo za\u010deli malo razmi\u0161ljati, da ji nekaj manjka. Tako pa smo sedaj imeli \u017ee zelo dolgo to mizo, ter na njej prt, ki je deloval kot za\u0161\u010dita, ter se nam je tako ta miza sedaj zdela res zelo bedna, nezanimiva in pa stara, vsaj po izgledu. Zato pa smo se odlo\u010dili, da bi lahko glede tega nekaj naredili, saj nam je bila miza res zelo nezanimiva.\u00a0<\/p>\n<p align=\"justify\"><img loading=\"lazy\" decoding=\"async\" width=\"1600\" height=\"1067\" class=\"size-full wp-image-234 aligncenter\" src=\"https:\/\/www.balkanmodels.si\/wp-content\/uploads\/2024\/08\/tekac-je-odlicen-prt-za-dekoracijo-.jpg\" srcset=\"https:\/\/www.balkanmodels.si\/wp-content\/uploads\/2024\/08\/tekac-je-odlicen-prt-za-dekoracijo-.jpg 1600w, https:\/\/www.balkanmodels.si\/wp-content\/uploads\/2024\/08\/tekac-je-odlicen-prt-za-dekoracijo--300x200.jpg 300w, https:\/\/www.balkanmodels.si\/wp-content\/uploads\/2024\/08\/tekac-je-odlicen-prt-za-dekoracijo--1024x683.jpg 1024w, https:\/\/www.balkanmodels.si\/wp-content\/uploads\/2024\/08\/tekac-je-odlicen-prt-za-dekoracijo--768x512.jpg 768w, https:\/\/www.balkanmodels.si\/wp-content\/uploads\/2024\/08\/tekac-je-odlicen-prt-za-dekoracijo--1536x1024.jpg 1536w\" sizes=\"auto, (max-width: 1600px) 100vw, 1600px\" \/><\/p>\n<p align=\"justify\">No tako pa sem za\u010del malo razmi\u0161ljati, kaj bi lahko naredil s to svojo mizo, da bi bila bolj zanimiva. Tukaj pa se mi je nato zdelo, da bi mi jo lahko kak\u0161en teka\u010d malo popestril. To pa so prti, ki so zelo ozki in pa dolgi. Ta prt pa se nato razteza po sredini mize po dol\u017eini, ter je lahko to zares zelo lepa dekoracija za mizo, ter jo lahko malo popestri.\u00a0<\/p>\n<p align=\"justify\">Da pa bi kupil <a href=\"https:\/\/www.gosteria.si\/skupine-proizvodov\/serviete-prti-tekaci\/prti-nadprti-tekaci\">teka\u010d<\/a>, pa sem si rabil kupiti \u0161e ustrezen prt, ki bi \u0161el pod tega. To pa zato, ker je teka\u010d zelo ozek, ter zato ne prekrije celotne mize, kjer pa smo jo \u017eeleli prekriti s prtom, saj bi to bila za\u0161\u010dita, da se miza ne bi tako hitro opraskala in po\u0161kodovala.\u00a0<\/p>\n<p align=\"justify\">Sedaj, ko pa smo imeli pribli\u017eno idejo ,kar bomo kupili, torej teka\u010d in pa prt za celotno mizo, pa smo se odpravili do trgovine s tekstilom, kjer pa smo lahko nato izvedli nakup. \u0160e prej pa nas je \u010dakal ogled celotne izbire, ki je bila na razpolago, kar pa je tudi trajalo kar nekaj \u010dasa, saj je bila kolekcija res ogromna. Nato pa smo iskali tak\u0161en par teh prtov, da bi se \u010dim bolje prilegala, oziroma bi se dajala lep kontrast. Po nekaj iskanja pa sem to tudi na\u0161el, ter sem opravil nakup s katerim sem lahko nato popestril na\u0161o jedilno mizo.\u00a0<\/p>\n","protected":false},"excerpt":{"rendered":"<p>Nekaj \u010dasa nazaj smo gledali svojo jedilno mizo, ki smo jo imeli postavljeno v jedilnici, kjer pa smo za\u010deli malo razmi\u0161ljati, da ji nekaj manjka. Tako pa smo sedaj imeli \u017ee zelo dolgo to mizo, ter na njej prt, ki je deloval kot za\u0161\u010dita, ter se nam je tako ta miza sedaj zdela res zelo bedna, nezanimiva in pa stara, [&hellip;]<\/p>\n","protected":false},"author":1,"featured_media":0,"comment_status":"closed","ping_status":"open","sticky":false,"template":"","format":"standard","meta":{"footnotes":""},"categories":[364],"tags":[365,366,367,368,369],"class_list":["post-235","post","type-post","status-publish","format-standard","hentry","category-tekac","tag-dekoracija-za-mizo","tag-popestritev-jedilne-mize","tag-prt","tag-tekac","tag-tekstilna-trgovina"],"aioseo_notices":[],"_links":{"self":[{"href":"https:\/\/balkanmodels.si\/index.php?rest_route=\/wp\/v2\/posts\/235","targetHints":{"allow":["GET"]}}],"collection":[{"href":"https:\/\/balkanmodels.si\/index.php?rest_route=\/wp\/v2\/posts"}],"about":[{"href":"https:\/\/balkanmodels.si\/index.php?rest_route=\/wp\/v2\/types\/post"}],"author":[{"embeddable":true,"href":"https:\/\/balkanmodels.si\/index.php?rest_route=\/wp\/v2\/users\/1"}],"replies":[{"embeddable":true,"href":"https:\/\/balkanmodels.si\/index.php?rest_route=%2Fwp%2Fv2%2Fcomments&post=235"}],"version-history":[{"count":1,"href":"https:\/\/balkanmodels.si\/index.php?rest_route=\/wp\/v2\/posts\/235\/revisions"}],"predecessor-version":[{"id":246,"href":"https:\/\/balkanmodels.si\/index.php?rest_route=\/wp\/v2\/posts\/235\/revisions\/246"}],"wp:attachment":[{"href":"https:\/\/balkanmodels.si\/index.php?rest_route=%2Fwp%2Fv2%2Fmedia&parent=235"}],"wp:term":[{"taxonomy":"category","embeddable":true,"href":"https:\/\/balkanmodels.si\/index.php?rest_route=%2Fwp%2Fv2%2Fcategories&post=235"},{"taxonomy":"post_tag","embeddable":true,"href":"https:\/\/balkanmodels.si\/index.php?rest_route=%2Fwp%2Fv2%2Ftags&post=235"}],"curies":[{"name":"wp","href":"https:\/\/api.w.org\/{rel}","templated":true}]}}