{"id":264,"date":"2024-12-17T07:45:57","date_gmt":"2024-12-17T05:45:57","guid":{"rendered":"https:\/\/balkanmodels.si\/?p=264"},"modified":"2024-12-17T07:45:57","modified_gmt":"2024-12-17T05:45:57","slug":"opazila-sem-da-je-bil-delovni-oder-postavljen-v-sosednji-ulici","status":"publish","type":"post","link":"https:\/\/balkanmodels.si\/?p=264","title":{"rendered":"Opazila sem, da je bil delovni oder postavljen v sosednji ulici"},"content":{"rendered":"<p align=\"justify\"><img loading=\"lazy\" decoding=\"async\" width=\"1066\" height=\"1600\" class=\"size-full wp-image-263 aligncenter\" src=\"https:\/\/www.balkanmodels.si\/wp-content\/uploads\/2024\/12\/opazila-sem-da-je-bil-delovni-oder-postavljen-v-sosednji-ulici.jpg\" alt=\"Opazila sem, da je bil delovni oder postavljen v sosednji ulici\" srcset=\"https:\/\/www.balkanmodels.si\/wp-content\/uploads\/2024\/12\/opazila-sem-da-je-bil-delovni-oder-postavljen-v-sosednji-ulici.jpg 1066w, https:\/\/www.balkanmodels.si\/wp-content\/uploads\/2024\/12\/opazila-sem-da-je-bil-delovni-oder-postavljen-v-sosednji-ulici-200x300.jpg 200w, https:\/\/www.balkanmodels.si\/wp-content\/uploads\/2024\/12\/opazila-sem-da-je-bil-delovni-oder-postavljen-v-sosednji-ulici-682x1024.jpg 682w, https:\/\/www.balkanmodels.si\/wp-content\/uploads\/2024\/12\/opazila-sem-da-je-bil-delovni-oder-postavljen-v-sosednji-ulici-768x1153.jpg 768w, https:\/\/www.balkanmodels.si\/wp-content\/uploads\/2024\/12\/opazila-sem-da-je-bil-delovni-oder-postavljen-v-sosednji-ulici-1023x1536.jpg 1023w\" sizes=\"auto, (max-width: 1066px) 100vw, 1066px\" \/><\/p>\n<p align=\"justify\">Zjutraj sem si naredila zeleni \u010daj z mlekom in medom. Strogo se dr\u017eim, da pustim zeleni \u010daj v vodi le tri minutke, saj \u010de ga pustim dlje, se mi zdi, da ta zagreni.<\/p>\n<p align=\"justify\">Tako sem se ga nalila v svojo najljub\u0161o skodelico in se usedla na balkon ter ob\u010dudovala jutro ter opazovala okolico. Opazila sem, da so v sosednjem bloku postavili nov delovni oder, ki me je kar presenetil. Pravzaprav sploh vem ne, kdaj so ga sploh za\u010deli postavljati, saj je bil delovni oder prakti\u010dno \u017ee dokon\u010dno postavljen. Pomislila sem, da so ravno pravi \u010das ujeli vreme, saj je \u017ee tik ped zimo, in ravno je minil tisti dolgi teden z de\u017eevjem in vremenarji so govorili, da se bo obetalo lepo vreme. Pomislila sem, zakaj neki so sosedi postavili <a href=\"https:\/\/irner.si\">delovni oder<\/a> in \u010desa se bodo sploh lotili. V sosednji ulici se mi je zazdelo, da so \u017ee vsi uredili izolacijo, a vendar morda oni \u0161e niso. Tako sem pila \u010daj in opazovala, kako so se tiste bele rjuhe na delovnem odru premikale.<\/p>\n<p align=\"justify\">Ko je minilo \u017ee nekaj dni in sem ponovno sedela na balkonu ter se mal\u010dek zamislila, sem zopet opazila, da je delovni oder \u0161e vedno postavljen. Naenkrat pa sem opazila, da je bil ta blok zelo bel. Res nisem bila ve\u010d prepri\u010dana, kak\u0161ne barve je sploh bil v za\u010detku. Ampak nekako se mi je zazdelo da bel sigurno ni bil, a vendar sem dvomila tudi o temu, da bi lahko bil tisti umazano bel in da je sedaj potreboval nekaj prenove in je zato ta belina toliko bolj poudarjena. Ko sem pogledala \u0161e ostale bloke v ulici, mi je bilo res popolnoma nenavadno, saj \u010disto noben blok ni bil popolnoma bel, a sem pomislila, da je morda lahko to trenutno nekak\u0161na faza pri delu in obnavljanju fasade.<\/p>\n<p align=\"justify\">Tako sem si rekla, da bom \u0161e malo spremljala dogajanje v sosednjem bloku, ki je imelo postavljen delovni oder.<\/p>\n","protected":false},"excerpt":{"rendered":"<p>Zjutraj sem si naredila zeleni \u010daj z mlekom in medom. Strogo se dr\u017eim, da pustim zeleni \u010daj v vodi le tri minutke, saj \u010de ga pustim dlje, se mi zdi, da ta zagreni. Tako sem se ga nalila v svojo najljub\u0161o skodelico in se usedla na balkon ter ob\u010dudovala jutro ter opazovala okolico. Opazila sem, da so v sosednjem bloku [&hellip;]<\/p>\n","protected":false},"author":1,"featured_media":0,"comment_status":"closed","ping_status":"open","sticky":false,"template":"","format":"standard","meta":{"footnotes":""},"categories":[406],"tags":[407,408,409,410,411],"class_list":["post-264","post","type-post","status-publish","format-standard","hentry","category-delovni-oder","tag-gradbena-dela","tag-gradbeni-oder","tag-izolacija-bloka","tag-prenova-fasade","tag-zeleni-caj"],"aioseo_notices":[],"_links":{"self":[{"href":"https:\/\/balkanmodels.si\/index.php?rest_route=\/wp\/v2\/posts\/264","targetHints":{"allow":["GET"]}}],"collection":[{"href":"https:\/\/balkanmodels.si\/index.php?rest_route=\/wp\/v2\/posts"}],"about":[{"href":"https:\/\/balkanmodels.si\/index.php?rest_route=\/wp\/v2\/types\/post"}],"author":[{"embeddable":true,"href":"https:\/\/balkanmodels.si\/index.php?rest_route=\/wp\/v2\/users\/1"}],"replies":[{"embeddable":true,"href":"https:\/\/balkanmodels.si\/index.php?rest_route=%2Fwp%2Fv2%2Fcomments&post=264"}],"version-history":[{"count":0,"href":"https:\/\/balkanmodels.si\/index.php?rest_route=\/wp\/v2\/posts\/264\/revisions"}],"wp:attachment":[{"href":"https:\/\/balkanmodels.si\/index.php?rest_route=%2Fwp%2Fv2%2Fmedia&parent=264"}],"wp:term":[{"taxonomy":"category","embeddable":true,"href":"https:\/\/balkanmodels.si\/index.php?rest_route=%2Fwp%2Fv2%2Fcategories&post=264"},{"taxonomy":"post_tag","embeddable":true,"href":"https:\/\/balkanmodels.si\/index.php?rest_route=%2Fwp%2Fv2%2Ftags&post=264"}],"curies":[{"name":"wp","href":"https:\/\/api.w.org\/{rel}","templated":true}]}}