{"id":266,"date":"2024-12-19T07:00:35","date_gmt":"2024-12-19T05:00:35","guid":{"rendered":"https:\/\/balkanmodels.si\/?p=266"},"modified":"2024-12-19T07:00:35","modified_gmt":"2024-12-19T05:00:35","slug":"ko-ne-ves-kaj-je-slovenski-zajtrk","status":"publish","type":"post","link":"https:\/\/balkanmodels.si\/?p=266","title":{"rendered":"Ko ne ve\u0161, kaj je slovenski zajtrk"},"content":{"rendered":"<p align=\"justify\">Pri poro\u010dilih sem sli\u0161al, da bomo imeli v \u0161oli slovenski zajtrk. Lahko re\u010dem samo to, da me to ni prav ni\u010d zanimalo. V bistvu sploh nisem to\u010dno vedel, kaj sodi v ta zajtrk. Tisti dan sem pri\u0161el v \u0161olo prej in vsi so se pogovarjali o zajtrku. Druga\u010de sem zelo rad hodil na malice, vedno sem bil la\u010den. Tako sem tudi sam \u010dakal na ta zajtrk in upal, da se bom po\u0161teno najedel. Ko smo na mizo dobili <a href=\"https:\/\/www.alpinebreakfast.com\">slovenski zajtrk<\/a>, sem kar hitro ugotovil, da tak\u0161ni zajtrk jaz jem doma skoraj vsak dan. Ne bom rekel, da ni bil dober, vendar moja mami naredi bolj\u0161i slovenski zajtrk. Nekaj me je motilo, mislim pa, da je to bil okus meda. Zelo sem ob\u010dutljiv na okus meda. Doma imam akacijev med. Enkrat je moja mami kupila drugi med in ga nisem hotel jesti.\u00a0<\/p>\n<p align=\"justify\">Tako me je v \u0161oli smotil med. Ni mi bil dober. Ko sem \u0161el kuharice vpra\u0161at, kak\u0161ni je to med, so mi znale povedati samo to, da je doma\u010d. To mi ni veliko pomenilo, hotel sem izvedeti kateri med je to. Ampak nisem. Tako se ta dan nisem kaj dosti najedel, ker mi med ni bil dober. \u0160el sem po kos kruha in ga praznega pojedel, spil mleko in pojedel jabolko.\u00a0<\/p>\n<p align=\"justify\">Zelo sem vesel, da ima \u0161ola dobro hrano, kajti velikokrat sem v \u0161oli dlje \u010dasa in je najbolj\u0161e zame, da imam naro\u010deno kosilo. Na\u0161a \u0161ola ima res dobre obroke, le ta dan za slovenski zajtrk mi med ni bil v\u0161e\u010d. Sedaj bom pozoren, ko bomo imeli v \u0161oli za malico ponovno med, \u010de bo istega okusa. Kakor se jaz spomnijam, smo \u017ee imeli med in me okus ni motil. To je moral biti posebni med, ki pa \u017eal meni ni bil v\u0161e\u010d. \u0160e dobro, da je slovenski zajtrk enkrat na leto.\u00a0<\/p>\n<p align=\"justify\"><img loading=\"lazy\" decoding=\"async\" width=\"1600\" height=\"1087\" class=\"size-full wp-image-265 aligncenter\" src=\"https:\/\/www.balkanmodels.si\/wp-content\/uploads\/2024\/12\/ko-ne-ves-kaj-je-slovenski-zajtrk.jpg\" alt=\"Ko ne ve\u0161, kaj je slovenski zajtrk\" srcset=\"https:\/\/www.balkanmodels.si\/wp-content\/uploads\/2024\/12\/ko-ne-ves-kaj-je-slovenski-zajtrk.jpg 1600w, https:\/\/www.balkanmodels.si\/wp-content\/uploads\/2024\/12\/ko-ne-ves-kaj-je-slovenski-zajtrk-300x204.jpg 300w, https:\/\/www.balkanmodels.si\/wp-content\/uploads\/2024\/12\/ko-ne-ves-kaj-je-slovenski-zajtrk-1024x696.jpg 1024w, https:\/\/www.balkanmodels.si\/wp-content\/uploads\/2024\/12\/ko-ne-ves-kaj-je-slovenski-zajtrk-768x522.jpg 768w, https:\/\/www.balkanmodels.si\/wp-content\/uploads\/2024\/12\/ko-ne-ves-kaj-je-slovenski-zajtrk-1536x1044.jpg 1536w\" sizes=\"auto, (max-width: 1600px) 100vw, 1600px\" \/><\/p>\n","protected":false},"excerpt":{"rendered":"<p>Pri poro\u010dilih sem sli\u0161al, da bomo imeli v \u0161oli slovenski zajtrk. Lahko re\u010dem samo to, da me to ni prav ni\u010d zanimalo. V bistvu sploh nisem to\u010dno vedel, kaj sodi v ta zajtrk. Tisti dan sem pri\u0161el v \u0161olo prej in vsi so se pogovarjali o zajtrku. Druga\u010de sem zelo rad hodil na malice, vedno sem bil la\u010den. Tako sem [&hellip;]<\/p>\n","protected":false},"author":1,"featured_media":0,"comment_status":"closed","ping_status":"open","sticky":false,"template":"","format":"standard","meta":{"footnotes":""},"categories":[412],"tags":[414,415,416,413,417],"class_list":["post-266","post","type-post","status-publish","format-standard","hentry","category-slovenski-zajtrk","tag-domaca-hrana","tag-maslo-in-med","tag-slovenski-zajtrk","tag-solska-prehrana","tag-tradicionalni-zajtrk"],"aioseo_notices":[],"_links":{"self":[{"href":"https:\/\/balkanmodels.si\/index.php?rest_route=\/wp\/v2\/posts\/266","targetHints":{"allow":["GET"]}}],"collection":[{"href":"https:\/\/balkanmodels.si\/index.php?rest_route=\/wp\/v2\/posts"}],"about":[{"href":"https:\/\/balkanmodels.si\/index.php?rest_route=\/wp\/v2\/types\/post"}],"author":[{"embeddable":true,"href":"https:\/\/balkanmodels.si\/index.php?rest_route=\/wp\/v2\/users\/1"}],"replies":[{"embeddable":true,"href":"https:\/\/balkanmodels.si\/index.php?rest_route=%2Fwp%2Fv2%2Fcomments&post=266"}],"version-history":[{"count":0,"href":"https:\/\/balkanmodels.si\/index.php?rest_route=\/wp\/v2\/posts\/266\/revisions"}],"wp:attachment":[{"href":"https:\/\/balkanmodels.si\/index.php?rest_route=%2Fwp%2Fv2%2Fmedia&parent=266"}],"wp:term":[{"taxonomy":"category","embeddable":true,"href":"https:\/\/balkanmodels.si\/index.php?rest_route=%2Fwp%2Fv2%2Fcategories&post=266"},{"taxonomy":"post_tag","embeddable":true,"href":"https:\/\/balkanmodels.si\/index.php?rest_route=%2Fwp%2Fv2%2Ftags&post=266"}],"curies":[{"name":"wp","href":"https:\/\/api.w.org\/{rel}","templated":true}]}}