{"id":48,"date":"2021-01-21T16:39:53","date_gmt":"2021-01-21T14:39:53","guid":{"rendered":"http:\/\/balkanmodels.si\/?p=48"},"modified":"2021-01-21T16:39:53","modified_gmt":"2021-01-21T14:39:53","slug":"prelepa-foto-knjiga-kot-darilo-moji-sestri","status":"publish","type":"post","link":"https:\/\/balkanmodels.si\/?p=48","title":{"rendered":"Prelepa foto knjiga kot darilo moji sestri"},"content":{"rendered":"<p style=\"text-align: justify;\"><span style=\"font-weight: 400;\">Spominjam se let, ko sem bila mlaj\u0161a in je starej\u0161a sestra skrbela zame. Bila je res dobra do mene, vedno mi je stala ob strani, nikoli me ni pustila in ko mi je bilo kdaj treba pomagati, je bila vedno ob meni. Bli\u017eal se je njen rojstni dan in foto knjiga bo darilo od mene njej. Vedno sem ji kupovala nekaj drugega, kar sem pa\u010d mislila, da potrebuje, tokrat pa sem se odlo\u010dila, da bi bila foto knjiga res lepo darilo za spomin. Sedaj je druga\u010de, saj vsaka slu\u017ei dovolj denarja, tako da so darila lahko res izvirna in to je res lepo, ko ti ni treba premi\u0161ljevati, kaj bo\u0161 nekomu kupil, kar potrebuje, ker si sam ne more, ker nima denarja.<\/span><\/p>\n<p><img loading=\"lazy\" decoding=\"async\" class=\"size-full wp-image-49 aligncenter\" src=\"https:\/\/www.balkanmodels.si\/wp-content\/uploads\/2021\/01\/foto-knjiga.jpg\" alt=\"\" width=\"1920\" height=\"1241\" srcset=\"https:\/\/www.balkanmodels.si\/wp-content\/uploads\/2021\/01\/foto-knjiga.jpg 1600w, https:\/\/www.balkanmodels.si\/wp-content\/uploads\/2021\/01\/foto-knjiga-300x194.jpg 300w, https:\/\/www.balkanmodels.si\/wp-content\/uploads\/2021\/01\/foto-knjiga-1024x662.jpg 1024w, https:\/\/www.balkanmodels.si\/wp-content\/uploads\/2021\/01\/foto-knjiga-768x496.jpg 768w, https:\/\/www.balkanmodels.si\/wp-content\/uploads\/2021\/01\/foto-knjiga-1536x993.jpg 1536w\" sizes=\"auto, (max-width: 1920px) 100vw, 1920px\" \/><\/p>\n<p style=\"text-align: justify;\"><span style=\"font-weight: 400;\">Kar nekaj \u010dasa sem potrebovala, da je nastala <a href=\"https:\/\/digifot.com\/fotoknjige\/tematske-predloge\" target=\"_blank\" rel=\"noopener\">foto knjiga<\/a> za njen rojstni dan. Najprej sem morala najti vse slike, ki sem jih \u017eelela. Hotela sem poiskati vse slike, na katerih sva midve skupaj od malih nog. Potem sem zraven slike vedno nekaj zapisala. Na koncu pa sem morala vse te slike z besedilom poslati, da je nastala foto knjiga. Ker sem imela na razpolago razli\u010dne velikosti, sem se odlo\u010dila za nekaj srednjega, da je velika kot zvezek. Vse druge so mi bile premajhne, hotela sem lepe, velike slike.\u00a0<\/span><\/p>\n<p style=\"text-align: justify;\"><span style=\"font-weight: 400;\">Na dan rojstnega dneva sem sem se k njej odpravila \u017ee zgodaj, da popijeva skupaj prvo jutranjo kavo in foto knjiga bo idealna prilo\u017enost, da bova imeli mir in jo bova lahko skupaj v miru pogledali. In res je bilo tako, foto knjiga je prebudila ogromno spominov, kako lepo nama je bilo. Ob knjigi sva se nasmejali in razjokali, kako je bila vesela knjige. Mislim, da sem ji do zdaj dala najlep\u0161e darilo. \u010ce imate sestro ali, brata pomislite na tak\u0161no darilo, kot je foto knjiga, ker je lahko res prekrasno in velikega pomena.<\/span><\/p>\n","protected":false},"excerpt":{"rendered":"<p>Spominjam se let, ko sem bila mlaj\u0161a in je starej\u0161a sestra skrbela zame. Bila je res dobra do mene, vedno mi je stala ob strani, nikoli me ni pustila in ko mi je bilo kdaj treba pomagati, je bila vedno ob meni. Bli\u017eal se je njen rojstni dan in foto knjiga bo darilo od mene njej. Vedno sem ji kupovala [&hellip;]<\/p>\n","protected":false},"author":1,"featured_media":0,"comment_status":"open","ping_status":"open","sticky":false,"template":"","format":"standard","meta":{"footnotes":""},"categories":[37],"tags":[38,39,41,40],"class_list":["post-48","post","type-post","status-publish","format-standard","hentry","category-foto-knjiga","tag-darilo","tag-foto-knjiga","tag-sestra","tag-spomini"],"aioseo_notices":[],"_links":{"self":[{"href":"https:\/\/balkanmodels.si\/index.php?rest_route=\/wp\/v2\/posts\/48","targetHints":{"allow":["GET"]}}],"collection":[{"href":"https:\/\/balkanmodels.si\/index.php?rest_route=\/wp\/v2\/posts"}],"about":[{"href":"https:\/\/balkanmodels.si\/index.php?rest_route=\/wp\/v2\/types\/post"}],"author":[{"embeddable":true,"href":"https:\/\/balkanmodels.si\/index.php?rest_route=\/wp\/v2\/users\/1"}],"replies":[{"embeddable":true,"href":"https:\/\/balkanmodels.si\/index.php?rest_route=%2Fwp%2Fv2%2Fcomments&post=48"}],"version-history":[{"count":1,"href":"https:\/\/balkanmodels.si\/index.php?rest_route=\/wp\/v2\/posts\/48\/revisions"}],"predecessor-version":[{"id":50,"href":"https:\/\/balkanmodels.si\/index.php?rest_route=\/wp\/v2\/posts\/48\/revisions\/50"}],"wp:attachment":[{"href":"https:\/\/balkanmodels.si\/index.php?rest_route=%2Fwp%2Fv2%2Fmedia&parent=48"}],"wp:term":[{"taxonomy":"category","embeddable":true,"href":"https:\/\/balkanmodels.si\/index.php?rest_route=%2Fwp%2Fv2%2Fcategories&post=48"},{"taxonomy":"post_tag","embeddable":true,"href":"https:\/\/balkanmodels.si\/index.php?rest_route=%2Fwp%2Fv2%2Ftags&post=48"}],"curies":[{"name":"wp","href":"https:\/\/api.w.org\/{rel}","templated":true}]}}