{"id":71,"date":"2021-04-21T11:26:22","date_gmt":"2021-04-21T09:26:22","guid":{"rendered":"https:\/\/balkanmodels.si\/?p=71"},"modified":"2021-04-21T11:26:22","modified_gmt":"2021-04-21T09:26:22","slug":"koncno-sem-dobila-sluzbo-v-znanem-frizerskem-salonu","status":"publish","type":"post","link":"https:\/\/balkanmodels.si\/?p=71","title":{"rendered":"Kon\u010dno sem dobila slu\u017ebo v znanem frizerskem salonu"},"content":{"rendered":"<p style=\"text-align: justify;\"><span style=\"font-weight: 400;\">Nisem mogla verjeti, da sem dobila povabilo na razgovor. Tako zelo sem si \u017eelela delati v znanem frizerskem salonu. Nekateri imajo \u017eeljo, da odprejo svoj frizerski salon, jaz te \u017eelje nisem imela nikoli, vedno sem imela \u017eeljo delati pri ljudeh, ki so \u017ee uspeli in se od njih u\u010diti.<\/span><\/p>\n<p style=\"text-align: justify;\"><span style=\"font-weight: 400;\">Ko sem kon\u010dala \u0161olanje, nisem imela veliko mo\u017enosti za delo, ker sem prihajala iz majhnega kraja in na\u0161i frizerski saloni so bili tisti tradicionalni, kjer ni bilo velike \u017eelje po izobra\u017eevanju, novostih. Tako sem premi\u0161ljevala, kako bi jaz lahko delala v znanem frizerskem salonu, \u010de pa so vsi preve\u010d dale\u010d od mojega doma. Da si nisem zaprla poti, sem vseeno poslala pro\u0161nje za delo in si rekla, da se bom potem ukvarjala s tem, \u010de bom dobila kak\u0161no mo\u017enost za delo.<\/span><\/p>\n<p><img loading=\"lazy\" decoding=\"async\" class=\"aligncenter size-full wp-image-72\" src=\"https:\/\/www.balkanmodels.si\/wp-content\/uploads\/2021\/04\/frizerski-salon.jpg\" alt=\"\" width=\"1920\" height=\"1280\" srcset=\"https:\/\/www.balkanmodels.si\/wp-content\/uploads\/2021\/04\/frizerski-salon.jpg 1600w, https:\/\/www.balkanmodels.si\/wp-content\/uploads\/2021\/04\/frizerski-salon-300x200.jpg 300w, https:\/\/www.balkanmodels.si\/wp-content\/uploads\/2021\/04\/frizerski-salon-1024x683.jpg 1024w, https:\/\/www.balkanmodels.si\/wp-content\/uploads\/2021\/04\/frizerski-salon-768x512.jpg 768w, https:\/\/www.balkanmodels.si\/wp-content\/uploads\/2021\/04\/frizerski-salon-1536x1024.jpg 1536w\" sizes=\"auto, (max-width: 1920px) 100vw, 1920px\" \/><\/p>\n<p style=\"text-align: justify;\"><span style=\"font-weight: 400;\">Res sem dobila povabilo za razgovor v modernem frizerskem salonu. Komaj sem \u010dakala dan, da grem in sku\u0161am pozitivno speljati razgovor. Trema je seveda bila prisotna, ker sem si \u017eelela dela pri njih. Na razgovor je pri\u0161el sam \u0161ef salona, tako da je trema bila \u0161e ve\u010dja. Odkrito mi je povedal, da i\u0161\u010dejo osebo, ki bo pri njih dlje \u010dasa, da si \u017eelijo ustvariti dober in sposoben tim. Iskali so novo osebo, ker jih je ena zapustila. Tako sem jaz dobila to mo\u017enost.\u00a0<\/span><\/p>\n<p style=\"text-align: justify;\"><span style=\"font-weight: 400;\">Po razgovoru sem od\u0161la domov in \u010dakala na klic. Nisem vedela, kaj naj pri\u010dakujem, ker nisem vedela, kaj i\u0161\u010dejo, ali imam dovolj potrebnega znanja. Zazvonil je telefon in na drugi strani je bil \u0161ef, ki mi je povedal, da so se odlo\u010dili zame in da sem dobrodo\u0161la pri njih. Tako se je moja zgodba v znanem frizerskem salonu tudi za\u010dela.\u00a0<\/span><\/p>\n<p style=\"text-align: justify;\"><span style=\"font-weight: 400;\">Danes sem sre\u010dna, \u017eivim podnajemni\u0161ko, u\u017eivam \u017eivljenje na polno!<\/span><\/p>\n","protected":false},"excerpt":{"rendered":"<p>Nisem mogla verjeti, da sem dobila povabilo na razgovor. Tako zelo sem si \u017eelela delati v znanem frizerskem salonu. Nekateri imajo \u017eeljo, da odprejo svoj frizerski salon, jaz te \u017eelje nisem imela nikoli, vedno sem imela \u017eeljo delati pri ljudeh, ki so \u017ee uspeli in se od njih u\u010diti. Ko sem kon\u010dala \u0161olanje, nisem imela veliko mo\u017enosti za delo, ker [&hellip;]<\/p>\n","protected":false},"author":1,"featured_media":0,"comment_status":"open","ping_status":"open","sticky":false,"template":"","format":"standard","meta":{"footnotes":""},"categories":[66],"tags":[67,68,70,69],"class_list":["post-71","post","type-post","status-publish","format-standard","hentry","category-frizerski-salon","tag-frizerski-salon","tag-frizura","tag-nova-zluzba","tag-sluzba"],"aioseo_notices":[],"_links":{"self":[{"href":"https:\/\/balkanmodels.si\/index.php?rest_route=\/wp\/v2\/posts\/71","targetHints":{"allow":["GET"]}}],"collection":[{"href":"https:\/\/balkanmodels.si\/index.php?rest_route=\/wp\/v2\/posts"}],"about":[{"href":"https:\/\/balkanmodels.si\/index.php?rest_route=\/wp\/v2\/types\/post"}],"author":[{"embeddable":true,"href":"https:\/\/balkanmodels.si\/index.php?rest_route=\/wp\/v2\/users\/1"}],"replies":[{"embeddable":true,"href":"https:\/\/balkanmodels.si\/index.php?rest_route=%2Fwp%2Fv2%2Fcomments&post=71"}],"version-history":[{"count":1,"href":"https:\/\/balkanmodels.si\/index.php?rest_route=\/wp\/v2\/posts\/71\/revisions"}],"predecessor-version":[{"id":73,"href":"https:\/\/balkanmodels.si\/index.php?rest_route=\/wp\/v2\/posts\/71\/revisions\/73"}],"wp:attachment":[{"href":"https:\/\/balkanmodels.si\/index.php?rest_route=%2Fwp%2Fv2%2Fmedia&parent=71"}],"wp:term":[{"taxonomy":"category","embeddable":true,"href":"https:\/\/balkanmodels.si\/index.php?rest_route=%2Fwp%2Fv2%2Fcategories&post=71"},{"taxonomy":"post_tag","embeddable":true,"href":"https:\/\/balkanmodels.si\/index.php?rest_route=%2Fwp%2Fv2%2Ftags&post=71"}],"curies":[{"name":"wp","href":"https:\/\/api.w.org\/{rel}","templated":true}]}}